{"id":2686,"date":"2022-06-04T20:06:54","date_gmt":"2022-06-04T20:06:54","guid":{"rendered":"https:\/\/inigualonline.com\/tienda\/?p=2686"},"modified":"2025-09-15T21:24:39","modified_gmt":"2025-09-15T19:24:39","slug":"tartas-de-cumpleanos-personalizadas","status":"publish","type":"post","link":"https:\/\/inigual.es\/en\/tartas-de-cumpleanos-personalizadas\/","title":{"rendered":"Custom cakes"},"content":{"rendered":"<p>Every celebration deserves a good cake, but\u2026 Are you tired of buying the same cake year after year, the one everyone else buys?<\/p>\n\n\n\n<p>Do you want to succeed with something that will truly leave all the guests speechless?<\/p>\n\n\n\n<p class=\"translation-block\">Add some life to your celebrations with our <a href=\"https:\/\/inigualonline.com\/tienda\/tartas-personalizadas\/\" target=\"_self\">custom cakes<\/a>. Whether it's a birthday, a christening, a communion, or even a retirement, we have the cake of your dreams waiting for you.<\/p>\n\n\n\n<p>From a drip cake, to a number or letter cake, to a nude cake, a unicorn cake for the little ones at home or a replica of the retiree's profession.<\/p>\n\n\n\n<p>You choose your favorite cake flavor. For example, if you like to try less traditional flavors, we suggest a red velvet cake, an extra carrot cake, or a Guinness beer cake. If you prefer more classic flavors, a vanilla, orange, or intense chocolate cake (for those with a sweet tooth) is perfect for you.<\/p>\n\n\n\n<p>Then you will choose a filling for your cake from more than 15 flavors, such as raspberry, Oreo, white chocolate or rum with raisins.<\/p>\n\n\n\n<p>Finally, all that's left is to choose the decorations: sparklers, a bouquet of preserved or fresh flowers, cartoon characters, the colors you want... <\/p>\n\n\n\n<p>Just tell us what you want, and we'll make your dream cake a reality. We're 100% sure you won't be able to stop taking pictures of it from every angle and showing them off on social media. <\/p>\n\n\n\n<p><\/p>","protected":false},"excerpt":{"rendered":"<p class=\"translation-block\">\u00bfEst\u00e1s cansado de comprar siempre la misma tarta un a\u00f1o tras otro, esas que compra todo el mundo?<br>\r\nEste a\u00f1o dale algo de vidilla  a tu cumple con nuestras tartas personalizadas.<\/p>","protected":false},"author":2,"featured_media":4493,"comment_status":"open","ping_status":"open","sticky":false,"template":"","format":"standard","meta":{"_acf_changed":false,"footnotes":""},"categories":[23],"tags":[],"class_list":["post-2686","post","type-post","status-publish","format-standard","has-post-thumbnail","hentry","category-uncategorized"],"acf":[],"yoast_head":"<!-- This site is optimized with the Yoast SEO plugin v27.2 - https:\/\/yoast.com\/product\/yoast-seo-wordpress\/ -->\n<title>Tartas personalizadas - Inigual | Reposter\u00eda creativa<\/title>\n<meta name=\"robots\" content=\"index, follow, max-snippet:-1, max-image-preview:large, max-video-preview:-1\" \/>\n<link rel=\"canonical\" href=\"https:\/\/inigual.es\/en\/tartas-de-cumpleanos-personalizadas\/\" \/>\n<meta property=\"og:locale\" content=\"en_GB\" \/>\n<meta property=\"og:type\" content=\"article\" \/>\n<meta property=\"og:title\" content=\"Tartas personalizadas - Inigual | Reposter\u00eda creativa\" \/>\n<meta property=\"og:description\" content=\"\u00bfEst\u00e1s cansado de comprar siempre la misma tarta un a\u00f1o tras otro, esas que compra todo el mundo? Este a\u00f1o dale algo de vidilla a tu cumple con nuestras tartas personalizadas.\" \/>\n<meta property=\"og:url\" content=\"https:\/\/inigual.es\/en\/tartas-de-cumpleanos-personalizadas\/\" \/>\n<meta property=\"og:site_name\" content=\"Inigual | Reposter\u00eda creativa\" \/>\n<meta property=\"article:publisher\" content=\"https:\/\/www.facebook.com\/Inigual-700262766834423\" \/>\n<meta property=\"article:published_time\" content=\"2022-06-04T20:06:54+00:00\" \/>\n<meta property=\"article:modified_time\" content=\"2025-09-15T19:24:39+00:00\" \/>\n<meta property=\"og:image\" content=\"https:\/\/inigual.es\/wp-content\/uploads\/2022\/06\/Blog-Inigual-3.webp\" \/>\n\t<meta property=\"og:image:width\" content=\"800\" \/>\n\t<meta property=\"og:image:height\" content=\"600\" \/>\n\t<meta property=\"og:image:type\" content=\"image\/webp\" \/>\n<meta name=\"author\" content=\"inigual\" \/>\n<meta name=\"twitter:card\" content=\"summary_large_image\" \/>\n<meta name=\"twitter:label1\" content=\"Written by\" \/>\n\t<meta name=\"twitter:data1\" content=\"inigual\" \/>\n\t<meta name=\"twitter:label2\" content=\"Estimated reading time\" \/>\n\t<meta name=\"twitter:data2\" content=\"1 minute\" \/>\n<script type=\"application\/ld+json\" class=\"yoast-schema-graph\">{\"@context\":\"https:\/\/schema.org\",\"@graph\":[{\"@type\":\"Article\",\"@id\":\"https:\/\/inigual.es\/tartas-de-cumpleanos-personalizadas\/#article\",\"isPartOf\":{\"@id\":\"https:\/\/inigual.es\/tartas-de-cumpleanos-personalizadas\/\"},\"author\":{\"name\":\"inigual\",\"@id\":\"https:\/\/inigual.es\/#\/schema\/person\/6396fe66b693d97fe39daee25848cb16\"},\"headline\":\"Tartas personalizadas\",\"datePublished\":\"2022-06-04T20:06:54+00:00\",\"dateModified\":\"2025-09-15T19:24:39+00:00\",\"mainEntityOfPage\":{\"@id\":\"https:\/\/inigual.es\/tartas-de-cumpleanos-personalizadas\/\"},\"wordCount\":271,\"commentCount\":0,\"publisher\":{\"@id\":\"https:\/\/inigual.es\/#organization\"},\"image\":{\"@id\":\"https:\/\/inigual.es\/tartas-de-cumpleanos-personalizadas\/#primaryimage\"},\"thumbnailUrl\":\"https:\/\/inigual.es\/wp-content\/uploads\/2022\/06\/Blog-Inigual-3.webp\",\"articleSection\":[\"Uncategorized\"],\"inLanguage\":\"en-GB\",\"potentialAction\":[{\"@type\":\"CommentAction\",\"name\":\"Comment\",\"target\":[\"https:\/\/inigual.es\/tartas-de-cumpleanos-personalizadas\/#respond\"]}]},{\"@type\":\"WebPage\",\"@id\":\"https:\/\/inigual.es\/tartas-de-cumpleanos-personalizadas\/\",\"url\":\"https:\/\/inigual.es\/tartas-de-cumpleanos-personalizadas\/\",\"name\":\"Tartas personalizadas - Inigual | Reposter\u00eda creativa\",\"isPartOf\":{\"@id\":\"https:\/\/inigual.es\/#website\"},\"primaryImageOfPage\":{\"@id\":\"https:\/\/inigual.es\/tartas-de-cumpleanos-personalizadas\/#primaryimage\"},\"image\":{\"@id\":\"https:\/\/inigual.es\/tartas-de-cumpleanos-personalizadas\/#primaryimage\"},\"thumbnailUrl\":\"https:\/\/inigual.es\/wp-content\/uploads\/2022\/06\/Blog-Inigual-3.webp\",\"datePublished\":\"2022-06-04T20:06:54+00:00\",\"dateModified\":\"2025-09-15T19:24:39+00:00\",\"breadcrumb\":{\"@id\":\"https:\/\/inigual.es\/tartas-de-cumpleanos-personalizadas\/#breadcrumb\"},\"inLanguage\":\"en-GB\",\"potentialAction\":[{\"@type\":\"ReadAction\",\"target\":[\"https:\/\/inigual.es\/tartas-de-cumpleanos-personalizadas\/\"]}]},{\"@type\":\"ImageObject\",\"inLanguage\":\"en-GB\",\"@id\":\"https:\/\/inigual.es\/tartas-de-cumpleanos-personalizadas\/#primaryimage\",\"url\":\"https:\/\/inigual.es\/wp-content\/uploads\/2022\/06\/Blog-Inigual-3.webp\",\"contentUrl\":\"https:\/\/inigual.es\/wp-content\/uploads\/2022\/06\/Blog-Inigual-3.webp\",\"width\":800,\"height\":600},{\"@type\":\"BreadcrumbList\",\"@id\":\"https:\/\/inigual.es\/tartas-de-cumpleanos-personalizadas\/#breadcrumb\",\"itemListElement\":[{\"@type\":\"ListItem\",\"position\":1,\"name\":\"Portada\",\"item\":\"https:\/\/inigual.es\/\"},{\"@type\":\"ListItem\",\"position\":2,\"name\":\"Tartas personalizadas\"}]},{\"@type\":\"WebSite\",\"@id\":\"https:\/\/inigual.es\/#website\",\"url\":\"https:\/\/inigual.es\/\",\"name\":\"Inigual | Reposter\u00eda creativa\",\"description\":\"Hacemos de la reposter\u00eda creativa un estilo de vida. Nos especializamos en crear dulces y emociones. Obrador tradicional con un toque Inigual.\",\"publisher\":{\"@id\":\"https:\/\/inigual.es\/#organization\"},\"potentialAction\":[{\"@type\":\"SearchAction\",\"target\":{\"@type\":\"EntryPoint\",\"urlTemplate\":\"https:\/\/inigual.es\/?s={search_term_string}\"},\"query-input\":{\"@type\":\"PropertyValueSpecification\",\"valueRequired\":true,\"valueName\":\"search_term_string\"}}],\"inLanguage\":\"en-GB\"},{\"@type\":\"Organization\",\"@id\":\"https:\/\/inigual.es\/#organization\",\"name\":\"Inigual | Reposter\u00eda creativa\",\"url\":\"https:\/\/inigual.es\/\",\"logo\":{\"@type\":\"ImageObject\",\"inLanguage\":\"en-GB\",\"@id\":\"https:\/\/inigual.es\/#\/schema\/logo\/image\/\",\"url\":\"https:\/\/pacher-pruebas.com\/wp-content\/uploads\/2025\/09\/logo-inigual-perfil.png\",\"contentUrl\":\"https:\/\/pacher-pruebas.com\/wp-content\/uploads\/2025\/09\/logo-inigual-perfil.png\",\"width\":500,\"height\":500,\"caption\":\"Inigual | Reposter\u00eda creativa\"},\"image\":{\"@id\":\"https:\/\/inigual.es\/#\/schema\/logo\/image\/\"},\"sameAs\":[\"https:\/\/www.facebook.com\/Inigual-700262766834423\",\"https:\/\/www.instagram.com\/inigualciudadreal\"]},{\"@type\":\"Person\",\"@id\":\"https:\/\/inigual.es\/#\/schema\/person\/6396fe66b693d97fe39daee25848cb16\",\"name\":\"inigual\",\"image\":{\"@type\":\"ImageObject\",\"inLanguage\":\"en-GB\",\"@id\":\"https:\/\/secure.gravatar.com\/avatar\/5460159b19e8d1550834d3db916eb4c20c1d3a6a2342c2f6557a70e7b978beb5?s=96&d=mm&r=g\",\"url\":\"https:\/\/secure.gravatar.com\/avatar\/5460159b19e8d1550834d3db916eb4c20c1d3a6a2342c2f6557a70e7b978beb5?s=96&d=mm&r=g\",\"contentUrl\":\"https:\/\/secure.gravatar.com\/avatar\/5460159b19e8d1550834d3db916eb4c20c1d3a6a2342c2f6557a70e7b978beb5?s=96&d=mm&r=g\",\"caption\":\"inigual\"},\"url\":\"https:\/\/inigual.es\/en\/author\/inigual\/\"}]}<\/script>\n<!-- \/ Yoast SEO plugin. -->","yoast_head_json":{"title":"Tartas personalizadas - Inigual | Reposter\u00eda creativa","robots":{"index":"index","follow":"follow","max-snippet":"max-snippet:-1","max-image-preview":"max-image-preview:large","max-video-preview":"max-video-preview:-1"},"canonical":"https:\/\/inigual.es\/en\/tartas-de-cumpleanos-personalizadas\/","og_locale":"en_GB","og_type":"article","og_title":"Tartas personalizadas - Inigual | Reposter\u00eda creativa","og_description":"\u00bfEst\u00e1s cansado de comprar siempre la misma tarta un a\u00f1o tras otro, esas que compra todo el mundo? Este a\u00f1o dale algo de vidilla a tu cumple con nuestras tartas personalizadas.","og_url":"https:\/\/inigual.es\/en\/tartas-de-cumpleanos-personalizadas\/","og_site_name":"Inigual | Reposter\u00eda creativa","article_publisher":"https:\/\/www.facebook.com\/Inigual-700262766834423","article_published_time":"2022-06-04T20:06:54+00:00","article_modified_time":"2025-09-15T19:24:39+00:00","og_image":[{"width":800,"height":600,"url":"https:\/\/inigual.es\/wp-content\/uploads\/2022\/06\/Blog-Inigual-3.webp","type":"image\/webp"}],"author":"inigual","twitter_card":"summary_large_image","twitter_misc":{"Written by":"inigual","Estimated reading time":"1 minute"},"schema":{"@context":"https:\/\/schema.org","@graph":[{"@type":"Article","@id":"https:\/\/inigual.es\/tartas-de-cumpleanos-personalizadas\/#article","isPartOf":{"@id":"https:\/\/inigual.es\/tartas-de-cumpleanos-personalizadas\/"},"author":{"name":"inigual","@id":"https:\/\/inigual.es\/#\/schema\/person\/6396fe66b693d97fe39daee25848cb16"},"headline":"Tartas personalizadas","datePublished":"2022-06-04T20:06:54+00:00","dateModified":"2025-09-15T19:24:39+00:00","mainEntityOfPage":{"@id":"https:\/\/inigual.es\/tartas-de-cumpleanos-personalizadas\/"},"wordCount":271,"commentCount":0,"publisher":{"@id":"https:\/\/inigual.es\/#organization"},"image":{"@id":"https:\/\/inigual.es\/tartas-de-cumpleanos-personalizadas\/#primaryimage"},"thumbnailUrl":"https:\/\/inigual.es\/wp-content\/uploads\/2022\/06\/Blog-Inigual-3.webp","articleSection":["Uncategorized"],"inLanguage":"en-GB","potentialAction":[{"@type":"CommentAction","name":"Comment","target":["https:\/\/inigual.es\/tartas-de-cumpleanos-personalizadas\/#respond"]}]},{"@type":"WebPage","@id":"https:\/\/inigual.es\/tartas-de-cumpleanos-personalizadas\/","url":"https:\/\/inigual.es\/tartas-de-cumpleanos-personalizadas\/","name":"Tartas personalizadas - Inigual | Reposter\u00eda creativa","isPartOf":{"@id":"https:\/\/inigual.es\/#website"},"primaryImageOfPage":{"@id":"https:\/\/inigual.es\/tartas-de-cumpleanos-personalizadas\/#primaryimage"},"image":{"@id":"https:\/\/inigual.es\/tartas-de-cumpleanos-personalizadas\/#primaryimage"},"thumbnailUrl":"https:\/\/inigual.es\/wp-content\/uploads\/2022\/06\/Blog-Inigual-3.webp","datePublished":"2022-06-04T20:06:54+00:00","dateModified":"2025-09-15T19:24:39+00:00","breadcrumb":{"@id":"https:\/\/inigual.es\/tartas-de-cumpleanos-personalizadas\/#breadcrumb"},"inLanguage":"en-GB","potentialAction":[{"@type":"ReadAction","target":["https:\/\/inigual.es\/tartas-de-cumpleanos-personalizadas\/"]}]},{"@type":"ImageObject","inLanguage":"en-GB","@id":"https:\/\/inigual.es\/tartas-de-cumpleanos-personalizadas\/#primaryimage","url":"https:\/\/inigual.es\/wp-content\/uploads\/2022\/06\/Blog-Inigual-3.webp","contentUrl":"https:\/\/inigual.es\/wp-content\/uploads\/2022\/06\/Blog-Inigual-3.webp","width":800,"height":600},{"@type":"BreadcrumbList","@id":"https:\/\/inigual.es\/tartas-de-cumpleanos-personalizadas\/#breadcrumb","itemListElement":[{"@type":"ListItem","position":1,"name":"Portada","item":"https:\/\/inigual.es\/"},{"@type":"ListItem","position":2,"name":"Tartas personalizadas"}]},{"@type":"WebSite","@id":"https:\/\/inigual.es\/#website","url":"https:\/\/inigual.es\/","name":"Inigual | Reposter\u00eda creativa","description":"Hacemos de la reposter\u00eda creativa un estilo de vida. Nos especializamos en crear dulces y emociones. Obrador tradicional con un toque Inigual.","publisher":{"@id":"https:\/\/inigual.es\/#organization"},"potentialAction":[{"@type":"SearchAction","target":{"@type":"EntryPoint","urlTemplate":"https:\/\/inigual.es\/?s={search_term_string}"},"query-input":{"@type":"PropertyValueSpecification","valueRequired":true,"valueName":"search_term_string"}}],"inLanguage":"en-GB"},{"@type":"Organization","@id":"https:\/\/inigual.es\/#organization","name":"Inigual | Reposter\u00eda creativa","url":"https:\/\/inigual.es\/","logo":{"@type":"ImageObject","inLanguage":"en-GB","@id":"https:\/\/inigual.es\/#\/schema\/logo\/image\/","url":"https:\/\/pacher-pruebas.com\/wp-content\/uploads\/2025\/09\/logo-inigual-perfil.png","contentUrl":"https:\/\/pacher-pruebas.com\/wp-content\/uploads\/2025\/09\/logo-inigual-perfil.png","width":500,"height":500,"caption":"Inigual | Reposter\u00eda creativa"},"image":{"@id":"https:\/\/inigual.es\/#\/schema\/logo\/image\/"},"sameAs":["https:\/\/www.facebook.com\/Inigual-700262766834423","https:\/\/www.instagram.com\/inigualciudadreal"]},{"@type":"Person","@id":"https:\/\/inigual.es\/#\/schema\/person\/6396fe66b693d97fe39daee25848cb16","name":"inigual","image":{"@type":"ImageObject","inLanguage":"en-GB","@id":"https:\/\/secure.gravatar.com\/avatar\/5460159b19e8d1550834d3db916eb4c20c1d3a6a2342c2f6557a70e7b978beb5?s=96&d=mm&r=g","url":"https:\/\/secure.gravatar.com\/avatar\/5460159b19e8d1550834d3db916eb4c20c1d3a6a2342c2f6557a70e7b978beb5?s=96&d=mm&r=g","contentUrl":"https:\/\/secure.gravatar.com\/avatar\/5460159b19e8d1550834d3db916eb4c20c1d3a6a2342c2f6557a70e7b978beb5?s=96&d=mm&r=g","caption":"inigual"},"url":"https:\/\/inigual.es\/en\/author\/inigual\/"}]}},"_links":{"self":[{"href":"https:\/\/inigual.es\/en\/wp-json\/wp\/v2\/posts\/2686","targetHints":{"allow":["GET"]}}],"collection":[{"href":"https:\/\/inigual.es\/en\/wp-json\/wp\/v2\/posts"}],"about":[{"href":"https:\/\/inigual.es\/en\/wp-json\/wp\/v2\/types\/post"}],"author":[{"embeddable":true,"href":"https:\/\/inigual.es\/en\/wp-json\/wp\/v2\/users\/2"}],"replies":[{"embeddable":true,"href":"https:\/\/inigual.es\/en\/wp-json\/wp\/v2\/comments?post=2686"}],"version-history":[{"count":1,"href":"https:\/\/inigual.es\/en\/wp-json\/wp\/v2\/posts\/2686\/revisions"}],"predecessor-version":[{"id":4494,"href":"https:\/\/inigual.es\/en\/wp-json\/wp\/v2\/posts\/2686\/revisions\/4494"}],"wp:featuredmedia":[{"embeddable":true,"href":"https:\/\/inigual.es\/en\/wp-json\/wp\/v2\/media\/4493"}],"wp:attachment":[{"href":"https:\/\/inigual.es\/en\/wp-json\/wp\/v2\/media?parent=2686"}],"wp:term":[{"taxonomy":"category","embeddable":true,"href":"https:\/\/inigual.es\/en\/wp-json\/wp\/v2\/categories?post=2686"},{"taxonomy":"post_tag","embeddable":true,"href":"https:\/\/inigual.es\/en\/wp-json\/wp\/v2\/tags?post=2686"}],"curies":[{"name":"wp","href":"https:\/\/api.w.org\/{rel}","templated":true}]}}